{"id":1222,"date":"2013-09-30T20:08:31","date_gmt":"2013-09-30T18:08:31","guid":{"rendered":"http:\/\/blog.nebule.org\/?p=1222"},"modified":"2016-03-29T19:02:21","modified_gmt":"2016-03-29T17:02:21","slug":"le-paradoxe-du-droit-a-loubli","status":"publish","type":"post","link":"http:\/\/blog.nebule.org\/?p=1222","title":{"rendered":"Le paradoxe du droit \u00e0 l&rsquo;oubli"},"content":{"rendered":"<p style=\"text-align: justify;\">La fonction d&rsquo;oubli en cours de r\u00e9flexion dans <em>nebule<\/em> pr\u00e9voit bien quelque chose d&rsquo;\u00e9quivalent \u00e0 ce qui est en cours de r\u00e9flexion au niveau du gouvernement fran\u00e7ais. Mais le texte de loi qui en r\u00e9sultera sera sans doute contraignant dans la mise en application effective de l&rsquo;oubli, c&rsquo;est \u00e0 dire la suppression de donn\u00e9es. le projet <em>nebule<\/em>, de son c\u00f4t\u00e9 propose une suppression volontaire.<\/p>\n<p style=\"text-align: justify;\">Il est tout \u00e0 faire compr\u00e9hensible que certaines personnes puissent souhaiter supprimer des donn\u00e9es les concernant sur internet, c&rsquo;est \u00e0 dire publiques. Mais cette suppression ne doit \u00eatre faite que si elle porte atteinte \u00e0 cette personne, sinon cela porte atteinte au droit de m\u00e9moire de tout le monde. De plus, la th\u00e9orie nous montre qu&rsquo;il est illusoire de vouloir esp\u00e9rer une suppression compl\u00e8te de donn\u00e9es. On ne peut que demander la suppression. La loi ne peut que g\u00e9rer les conflits sur la mauvaise utilisation des donn\u00e9es par autrui.<\/p>\n<p style=\"text-align: justify;\">C&rsquo;est m\u00eame un paradoxe que de vouloir d\u00e9finitivement oublier une information d\u00e9finie. Pour cela, il faut pr\u00e9voir de transmettre l&rsquo;information de suppression de l&rsquo;information d\u00e9finie \u00e0 ceux qui d\u00e9tiennent cette information d\u00e9finie.<br \/>\nEt si quelqu&rsquo;un remet en ligne plus tard la m\u00eame information d\u00e9finie comme ayant \u00e9t\u00e9 supprim\u00e9e. Que va-t-il se passer ?<br \/>\nOn doit donc garder l&rsquo;information de suppression&#8230; qui fait r\u00e9f\u00e9rence voir contient l&rsquo;information d\u00e9finie \u00e0 supprimer. Donc cette information\u00c2\u00a0d\u00e9finie ne peut \u00eatre supprim\u00e9e.<\/p>\n<p style=\"text-align: justify;\">CF : <a title=\"http:\/\/www.pcinpact.com\/news\/82633-droit-a-oubli-acteurs-web-2-0-degomment-consultation-cnil.htm\" href=\"http:\/\/www.pcinpact.com\/news\/82633-droit-a-oubli-acteurs-web-2-0-degomment-consultation-cnil.htm\" target=\"_blank\">www.pcinpact.com droit-a-oubli-acteurs-web-2-0-degomment-consultation-cnil<\/a><\/p>\n","protected":false},"excerpt":{"rendered":"<p>La fonction d&rsquo;oubli en cours de r\u00e9flexion dans nebule pr\u00e9voit bien quelque chose d&rsquo;\u00e9quivalent \u00e0 ce qui est en cours de r\u00e9flexion au niveau du gouvernement fran\u00e7ais. Mais le texte de loi qui en r\u00e9sultera sera sans doute contraignant dans la mise en application effective de l&rsquo;oubli, c&rsquo;est \u00e0 dire la suppression de donn\u00e9es. le &hellip; <a href=\"http:\/\/blog.nebule.org\/?p=1222\" class=\"more-link\">Continuer la lecture de <span class=\"screen-reader-text\">Le paradoxe du droit \u00e0 l&rsquo;oubli<\/span><\/a><\/p>\n","protected":false},"author":2,"featured_media":0,"comment_status":"open","ping_status":"open","sticky":false,"template":"","format":"standard","meta":[],"categories":[111,24],"tags":[],"_links":{"self":[{"href":"http:\/\/blog.nebule.org\/index.php?rest_route=\/wp\/v2\/posts\/1222"}],"collection":[{"href":"http:\/\/blog.nebule.org\/index.php?rest_route=\/wp\/v2\/posts"}],"about":[{"href":"http:\/\/blog.nebule.org\/index.php?rest_route=\/wp\/v2\/types\/post"}],"author":[{"embeddable":true,"href":"http:\/\/blog.nebule.org\/index.php?rest_route=\/wp\/v2\/users\/2"}],"replies":[{"embeddable":true,"href":"http:\/\/blog.nebule.org\/index.php?rest_route=%2Fwp%2Fv2%2Fcomments&post=1222"}],"version-history":[{"count":1,"href":"http:\/\/blog.nebule.org\/index.php?rest_route=\/wp\/v2\/posts\/1222\/revisions"}],"predecessor-version":[{"id":2240,"href":"http:\/\/blog.nebule.org\/index.php?rest_route=\/wp\/v2\/posts\/1222\/revisions\/2240"}],"wp:attachment":[{"href":"http:\/\/blog.nebule.org\/index.php?rest_route=%2Fwp%2Fv2%2Fmedia&parent=1222"}],"wp:term":[{"taxonomy":"category","embeddable":true,"href":"http:\/\/blog.nebule.org\/index.php?rest_route=%2Fwp%2Fv2%2Fcategories&post=1222"},{"taxonomy":"post_tag","embeddable":true,"href":"http:\/\/blog.nebule.org\/index.php?rest_route=%2Fwp%2Fv2%2Ftags&post=1222"}],"curies":[{"name":"wp","href":"https:\/\/api.w.org\/{rel}","templated":true}]}}