{"id":1477,"date":"2014-03-30T13:46:46","date_gmt":"2014-03-30T11:46:46","guid":{"rendered":"http:\/\/blog.nebule.org\/?p=1477"},"modified":"2016-03-29T19:01:51","modified_gmt":"2016-03-29T17:01:51","slug":"marque-de-temps","status":"publish","type":"post","link":"http:\/\/blog.nebule.org\/?p=1477","title":{"rendered":"Marque de temps"},"content":{"rendered":"<p style=\"text-align: justify;\">Le marquage du temps tel que r\u00e9alis\u00e9 aujourd&rsquo;hui ne me convient que moyennement. Ce marquage est fait pour chaque lien et permet de leur donner un sens temporel.<\/p>\n<p style=\"text-align: justify;\">La marque de temps est bas\u00e9e sur une norme reconnue : <a title=\"ISO 8601\" href=\"http:\/\/fr.wikipedia.org\/wiki\/ISO_8601\" target=\"_blank\">ISO 8601:2004<\/a>. Elle est forc\u00e9ment absolue. \u00c9ventuellement, ce peut \u00eatre un simple compteur incr\u00e9mental.<br \/>\nMais cette norme est loin d&rsquo;\u00eatre universelle. Elle se base exclusivement sur un calendrier gr\u00e9gorien. Donc sa r\u00e9f\u00e9rence de temps est biblique, ce qui a une connotation religieuse pour un sujet technique. Passe encore. De par sa r\u00e9f\u00e9rence et sa gestion du temps le plus grand, l&rsquo;ordre de grandeur du temps g\u00e9r\u00e9 est de quelques milliers d&rsquo;ann\u00e9es. En gros, on peut indiquer une date entre -9999 et 9999 ann\u00e9es.<br \/>\nCertes, cela laisse de la marge dans nos soci\u00e9t\u00e9s modernes o\u00f9 on se pr\u00e9occupe plus de la nano-seconde que du si\u00e8cle. Mais les Mayas avaient \u00e0 leur \u00e9poque, il y quelques temps d\u00e9j\u00e0, un calendrier pour g\u00e9rer le temps profond. Leur calendrier \u00e9tait \u00e0 m\u00eame de donner une date \u00e0 la cr\u00e9ation de la terre (si cela a un sens), et sans r\u00e9f\u00e9rence religieuse. Ils ne pouvaient pas par contre g\u00e9rer finement le temps \u00e0 petite \u00e9chelle, en dessous de la journ\u00e9e&#8230;<\/p>\n<p style=\"text-align: justify;\">Lorsque l&rsquo;on aborde le sujet de la gestion du temps avec de multiples r\u00e9f\u00e9rences, il faut penser au moyens de synchronisation de ces horodatages. Il faudra pour \u00e7a r\u00e9activer l&rsquo;entit\u00e9 <a title=\"kronos\" href=\"http:\/\/kronos.nebule.org\/\" target=\"_blank\">kronos<\/a>&#8230;<\/p>\n<p style=\"text-align: justify;\">Il n&rsquo;y a pas 36 solutions pour am\u00e9liorer le marquage du temps.<br \/>\nOn peut ne plus reconna\u00eetre de format de temps standardis\u00e9&#8230; et tenter de d\u00e9terminer par la forme de la marque de temps la date indiqu\u00e9e dans sa propre r\u00e9f\u00e9rence de temps. Ce travail, fastidieux, peut \u00eatre facilit\u00e9 par un lien de d\u00e9finition de la marque de temps utilis\u00e9e par une entit\u00e9.<br \/>\nOn peut reconna\u00eetre par d\u00e9faut le format <em>ISO 8601<\/em> et accepter d&rsquo;autres formats sous la forme d&rsquo;un compteur. Ce compteur, dans ce cas doit avoir une forme progressive dans le temps pour pouvoir \u00eatre interpr\u00e9t\u00e9e au moins comme compteur \u00e0 d\u00e9faut de pouvoir en extraire une date fiable.<br \/>\nOn peut reconna\u00eetre par d\u00e9faut le format <em>ISO 8601<\/em>, accepter le compteur et accepter un indice de formatage sp\u00e9cifique pour des marques de temps autres. Le compteur doit toujours \u00eatre progressif.<br \/>\nEnfin, on peut ne reconna\u00eetre que le compteur et une marque de temps pr\u00e9fix\u00e9e de sont type. Cette derni\u00e8re solution int\u00e8gre \u00e0 peu pr\u00e8s les marques de temps actuellement utilis\u00e9es dans nebule au format <em>ISO 8601<\/em> comme de simples compteurs.<\/p>\n","protected":false},"excerpt":{"rendered":"<p>Le marquage du temps tel que r\u00e9alis\u00e9 aujourd&rsquo;hui ne me convient que moyennement. Ce marquage est fait pour chaque lien et permet de leur donner un sens temporel. La marque de temps est bas\u00e9e sur une norme reconnue : ISO 8601:2004. Elle est forc\u00e9ment absolue. \u00c9ventuellement, ce peut \u00eatre un simple compteur incr\u00e9mental. Mais cette &hellip; <a href=\"http:\/\/blog.nebule.org\/?p=1477\" class=\"more-link\">Continuer la lecture de <span class=\"screen-reader-text\">Marque de temps<\/span><\/a><\/p>\n","protected":false},"author":2,"featured_media":0,"comment_status":"open","ping_status":"open","sticky":false,"template":"","format":"standard","meta":[],"categories":[81,5,91,12,99,24,34],"tags":[209,210],"_links":{"self":[{"href":"http:\/\/blog.nebule.org\/index.php?rest_route=\/wp\/v2\/posts\/1477"}],"collection":[{"href":"http:\/\/blog.nebule.org\/index.php?rest_route=\/wp\/v2\/posts"}],"about":[{"href":"http:\/\/blog.nebule.org\/index.php?rest_route=\/wp\/v2\/types\/post"}],"author":[{"embeddable":true,"href":"http:\/\/blog.nebule.org\/index.php?rest_route=\/wp\/v2\/users\/2"}],"replies":[{"embeddable":true,"href":"http:\/\/blog.nebule.org\/index.php?rest_route=%2Fwp%2Fv2%2Fcomments&post=1477"}],"version-history":[{"count":1,"href":"http:\/\/blog.nebule.org\/index.php?rest_route=\/wp\/v2\/posts\/1477\/revisions"}],"predecessor-version":[{"id":2214,"href":"http:\/\/blog.nebule.org\/index.php?rest_route=\/wp\/v2\/posts\/1477\/revisions\/2214"}],"wp:attachment":[{"href":"http:\/\/blog.nebule.org\/index.php?rest_route=%2Fwp%2Fv2%2Fmedia&parent=1477"}],"wp:term":[{"taxonomy":"category","embeddable":true,"href":"http:\/\/blog.nebule.org\/index.php?rest_route=%2Fwp%2Fv2%2Fcategories&post=1477"},{"taxonomy":"post_tag","embeddable":true,"href":"http:\/\/blog.nebule.org\/index.php?rest_route=%2Fwp%2Fv2%2Ftags&post=1477"}],"curies":[{"name":"wp","href":"https:\/\/api.w.org\/{rel}","templated":true}]}}