{"id":1820,"date":"2014-10-08T19:25:52","date_gmt":"2014-10-08T17:25:52","guid":{"rendered":"http:\/\/blog.nebule.org\/?p=1820"},"modified":"2016-03-29T19:00:26","modified_gmt":"2016-03-29T17:00:26","slug":"facebook-et-lanonymat","status":"publish","type":"post","link":"http:\/\/blog.nebule.org\/?p=1820","title":{"rendered":"Facebook et l&rsquo;anonymat"},"content":{"rendered":"<p style=\"text-align: justify;\">Les positions bougent aussi du c\u00f4t\u00e9 de <a title=\"Facebook\" href=\"http:\/\/www.facebook.com\/\" target=\"_blank\">Facebook<\/a>. Dans la suite de l&rsquo;article pr\u00e9c\u00e9dent sur <a title=\"Google+ et l'anonymat\" href=\"http:\/\/blog.nebule.org\/?p=1724\" target=\"_blank\">Google+ et l&rsquo;anonymat<\/a>, c&rsquo;est au tour du premier r\u00e9seau social de faire des concessions sur la possibilit\u00e9 de cr\u00e9er des comptes anonymes&#8230; dans une certaine mesure.<\/p>\n<p style=\"text-align: justify;\">Depuis le 1er octobre, il est possible d&rsquo;utiliser un pseudonyme. Tout n&rsquo;est pas encore permit mais l&rsquo;avanc\u00e9e est de taille alors que la vie priv\u00e9e n&rsquo;\u00e9tait clairement pas la priorit\u00e9 de <em>Facebook<\/em>. Et l&rsquo;anonymat \u00e9tait m\u00eame malvenu jusque l\u00e0 pour inciter les internautes \u00e0 avoir de vraies relations d&rsquo;amiti\u00e9. Il \u00e9tait aussi quand m\u00eame plus int\u00e9ressant pour les publicitaires de disposer d&rsquo;informations fiables sur les utilisateurs&#8230;<\/p>\n<p style=\"text-align: justify;\">Depuis peu, une nouvelle messagerie est en cours d&rsquo;\u00e9laboration, par <em>Facebook<\/em>, pour permettre des \u00e9changes volontairement anonymes. Un vrai retournement&#8230; ou une opportunit\u00e9 commerciale de plus&#8230;<\/p>\n<p style=\"text-align: justify;\">CF :<br \/>\n&#8211; <a title=\"Les pseudonymes finalement autorises sur facebook\" href=\"http:\/\/www.lemonde.fr\/economie\/article\/2014\/10\/02\/les-pseudonymes-finalement-autorises-sur-facebook_4498801_3234.html\" target=\"_blank\">http:\/\/www.lemonde.fr\/economie\/article\/2014\/10\/02\/les-pseudonymes-finalement-autorises-sur-facebook_4498801_3234.html<\/a><br \/>\n&#8211; <a title=\"Facebook va lancer une application permettant des echanges anonymes\" href=\"http:\/\/www.lemonde.fr\/pixels\/article\/2014\/10\/08\/facebook-va-lancer-une-application-permettant-des-echanges-anonymes_4502637_4408996.html\" target=\"_blank\">http:\/\/www.lemonde.fr\/pixels\/article\/2014\/10\/08\/facebook-va-lancer-une-application-permettant-des-echanges-anonymes_4502637_4408996.html<\/a><\/p>\n","protected":false},"excerpt":{"rendered":"<p>Les positions bougent aussi du c\u00f4t\u00e9 de Facebook. Dans la suite de l&rsquo;article pr\u00e9c\u00e9dent sur Google+ et l&rsquo;anonymat, c&rsquo;est au tour du premier r\u00e9seau social de faire des concessions sur la possibilit\u00e9 de cr\u00e9er des comptes anonymes&#8230; dans une certaine mesure. Depuis le 1er octobre, il est possible d&rsquo;utiliser un pseudonyme. Tout n&rsquo;est pas encore &hellip; <a href=\"http:\/\/blog.nebule.org\/?p=1820\" class=\"more-link\">Continuer la lecture de <span class=\"screen-reader-text\">Facebook et l&rsquo;anonymat<\/span><\/a><\/p>\n","protected":false},"author":2,"featured_media":0,"comment_status":"open","ping_status":"open","sticky":false,"template":"","format":"standard","meta":[],"categories":[2,54,93,95],"tags":[177],"_links":{"self":[{"href":"http:\/\/blog.nebule.org\/index.php?rest_route=\/wp\/v2\/posts\/1820"}],"collection":[{"href":"http:\/\/blog.nebule.org\/index.php?rest_route=\/wp\/v2\/posts"}],"about":[{"href":"http:\/\/blog.nebule.org\/index.php?rest_route=\/wp\/v2\/types\/post"}],"author":[{"embeddable":true,"href":"http:\/\/blog.nebule.org\/index.php?rest_route=\/wp\/v2\/users\/2"}],"replies":[{"embeddable":true,"href":"http:\/\/blog.nebule.org\/index.php?rest_route=%2Fwp%2Fv2%2Fcomments&post=1820"}],"version-history":[{"count":1,"href":"http:\/\/blog.nebule.org\/index.php?rest_route=\/wp\/v2\/posts\/1820\/revisions"}],"predecessor-version":[{"id":2160,"href":"http:\/\/blog.nebule.org\/index.php?rest_route=\/wp\/v2\/posts\/1820\/revisions\/2160"}],"wp:attachment":[{"href":"http:\/\/blog.nebule.org\/index.php?rest_route=%2Fwp%2Fv2%2Fmedia&parent=1820"}],"wp:term":[{"taxonomy":"category","embeddable":true,"href":"http:\/\/blog.nebule.org\/index.php?rest_route=%2Fwp%2Fv2%2Fcategories&post=1820"},{"taxonomy":"post_tag","embeddable":true,"href":"http:\/\/blog.nebule.org\/index.php?rest_route=%2Fwp%2Fv2%2Ftags&post=1820"}],"curies":[{"name":"wp","href":"https:\/\/api.w.org\/{rel}","templated":true}]}}