{"id":1836,"date":"2014-10-12T22:54:12","date_gmt":"2014-10-12T20:54:12","guid":{"rendered":"http:\/\/blog.nebule.org\/?p=1836"},"modified":"2016-03-29T19:00:25","modified_gmt":"2016-03-29T17:00:25","slug":"etude-du-temps","status":"publish","type":"post","link":"http:\/\/blog.nebule.org\/?p=1836","title":{"rendered":"Etude du temps"},"content":{"rendered":"<p style=\"text-align: justify;\">Voici dans le wiki <a title=\"Etude du temps\" href=\"http:\/\/wiki.nebule.org\/index.php\/R\u00e9flexion_-_Etude_du_temps\" target=\"_blank\">une nouvelle \u00e9tude<\/a> sur le temps et sa repr\u00e9sentation. Cette \u00e9tude va permettre de poser les bases de la gestion du temps dans le projet nebule. Cette gestion du temps implique sa, ou plut\u00f4t, ses repr\u00e9sentations ainsi que les traductions associ\u00e9es. Les repr\u00e9sentations du temps affich\u00e9 peuvent \u00eatre multiples en fonction de crit\u00e8res culturels, religieux, ou g\u00e9ographiques. Mais elles doivent toutes \u00eatre traduisibles dans d&rsquo;autres repr\u00e9sentations.<\/p>\n<p style=\"text-align: justify;\">Nous n&rsquo;\u00e9tudierons pas ici la mesure du temps. La mesure implique la quantification d&rsquo;une propri\u00e9t\u00e9 physique. Nous ne faisons qu&rsquo;utiliser des mesures de temps d\u00e9j\u00e0 quantifi\u00e9es.<\/p>\n<p style=\"text-align: justify;\">J&rsquo;en profite pour remercier ici Mr <em>Jean-Daniel Morerod<\/em>. Il me permet de mettre en ligne une <a title=\"Histoire du temps : l'origine du calendrier\" href=\"http:\/\/wiki.nebule.org\/index.php\/Histoire_du_Temps\" target=\"_blank\">copie<\/a> sur le wiki de son article co-\u00e9crit avec Mr <em>Justin Favrod<\/em> : <a title=\"Histoire du temps : l'origine du calendrier\" href=\"http:\/\/www.courant-d-idees.com\/Tempsa.htm\" target=\"_blank\">Histoire du temps : l&rsquo;origine du calendrier<\/a>.<\/p>\n","protected":false},"excerpt":{"rendered":"<p>Voici dans le wiki une nouvelle \u00e9tude sur le temps et sa repr\u00e9sentation. Cette \u00e9tude va permettre de poser les bases de la gestion du temps dans le projet nebule. Cette gestion du temps implique sa, ou plut\u00f4t, ses repr\u00e9sentations ainsi que les traductions associ\u00e9es. Les repr\u00e9sentations du temps affich\u00e9 peuvent \u00eatre multiples en fonction &hellip; <a href=\"http:\/\/blog.nebule.org\/?p=1836\" class=\"more-link\">Continuer la lecture de <span class=\"screen-reader-text\">Etude du temps<\/span><\/a><\/p>\n","protected":false},"author":2,"featured_media":0,"comment_status":"open","ping_status":"open","sticky":false,"template":"","format":"standard","meta":[],"categories":[91,24],"tags":[],"_links":{"self":[{"href":"http:\/\/blog.nebule.org\/index.php?rest_route=\/wp\/v2\/posts\/1836"}],"collection":[{"href":"http:\/\/blog.nebule.org\/index.php?rest_route=\/wp\/v2\/posts"}],"about":[{"href":"http:\/\/blog.nebule.org\/index.php?rest_route=\/wp\/v2\/types\/post"}],"author":[{"embeddable":true,"href":"http:\/\/blog.nebule.org\/index.php?rest_route=\/wp\/v2\/users\/2"}],"replies":[{"embeddable":true,"href":"http:\/\/blog.nebule.org\/index.php?rest_route=%2Fwp%2Fv2%2Fcomments&post=1836"}],"version-history":[{"count":1,"href":"http:\/\/blog.nebule.org\/index.php?rest_route=\/wp\/v2\/posts\/1836\/revisions"}],"predecessor-version":[{"id":2157,"href":"http:\/\/blog.nebule.org\/index.php?rest_route=\/wp\/v2\/posts\/1836\/revisions\/2157"}],"wp:attachment":[{"href":"http:\/\/blog.nebule.org\/index.php?rest_route=%2Fwp%2Fv2%2Fmedia&parent=1836"}],"wp:term":[{"taxonomy":"category","embeddable":true,"href":"http:\/\/blog.nebule.org\/index.php?rest_route=%2Fwp%2Fv2%2Fcategories&post=1836"},{"taxonomy":"post_tag","embeddable":true,"href":"http:\/\/blog.nebule.org\/index.php?rest_route=%2Fwp%2Fv2%2Ftags&post=1836"}],"curies":[{"name":"wp","href":"https:\/\/api.w.org\/{rel}","templated":true}]}}