{"id":523,"date":"2012-11-17T14:55:18","date_gmt":"2012-11-17T12:55:18","guid":{"rendered":"http:\/\/blog.nebule.org\/?p=523"},"modified":"2016-03-29T19:04:40","modified_gmt":"2016-03-29T17:04:40","slug":"nous-toi-moi","status":"publish","type":"post","link":"http:\/\/blog.nebule.org\/?p=523","title":{"rendered":"nous = toi + moi"},"content":{"rendered":"<p style=\"text-align: justify;\">Ce matin, en me connectant \u00e0 Facebook <strong style=\"text-align: justify;\"><\/strong> sur l&rsquo;ordinateur commun \u00e0 <strong>nous<\/strong>, je me suis fait la r\u00e9flexion que certaines choses \u00e9taient faites bizarrement. Je suis sur ma session Linux \u00e0 <strong>moi<\/strong> mais dans Firefox, c&rsquo;est <strong>toi<\/strong> Diana qui est connect\u00e9e \u00e0 FB&#8230;<br \/>\nL&rsquo;ordinateur est multi-session, mais on ne voit simultan\u00e9ment qu&rsquo;une seule session, soit <strong>moi<\/strong> soit <strong>toi<\/strong>. Si tu veux ouvrir ton Firefox avec ta connexion FB, tu dois ouvrir une autre session de l&rsquo;ordinateur. Le probl\u00e8me est que l&rsquo;on ne peut pas ouvrir facilement deux navigateur pour deux utilisateurs diff\u00e9rents dans la m\u00eame session, une session \u00e0 <strong>nous<\/strong>.<\/p>\n<p style=\"text-align: justify;\"><!--more--><\/p>\n<p style=\"text-align: justify;\">L&rsquo;id\u00e9e sous-jacente n&rsquo;est pas que le multi-utilisateur ne marche pas, mais qu&rsquo;il pourrait \u00eatre utilis\u00e9 diff\u00e9remment. C&rsquo;est que l&rsquo;on n&rsquo;ai plus de connexion au d\u00e9marrage du syst\u00e8me et l&rsquo;on puisse <em>d\u00e9verrouiller<\/em> un utilisateur pour lancer des programmes. Voir que l&rsquo;on puisse par le m\u00eame biais acc\u00e9der simultan\u00e9ment \u00e0 plusieurs utilisateurs. Il faut maintenir une diff\u00e9renciation des utilisateurs de l&rsquo;ordinateur, et implicitement de l&rsquo;utilisation des ressources et donn\u00e9es. Nous avons beau partager les donn\u00e9es, elle et moi ne partageons pas n\u00e9cessairement les m\u00eames favoris et la m\u00eame photo de fond d&rsquo;\u00e9cran.<\/p>\n<p style=\"text-align: justify;\">Quand je m&rsquo;absente, je peux d\u00e9cider de <em>verrouiller<\/em> ma connexion et non plus ma session. Dans ce cas, soit les fen\u00eatres disparaissent jusqu&rsquo;\u00e0 mon retour, soit chaque programme que j&rsquo;ai lanc\u00e9 se verrouille avec une sorte d&rsquo;\u00e9cran de veille par fen\u00eatres et non plus pour tout l&rsquo;\u00e9cran.<\/p>\n<p style=\"text-align: justify;\">Mais comment diff\u00e9rencier l&rsquo;identit\u00e9 de la personne lors du lancement d&rsquo;un programme sans que ce soit trop lourd? Avoir deux menus applications? Trois? Dix?<br \/>\nDe qui prendre les droits lors de la cr\u00e9ation d&rsquo;un fichier? Le premier connect\u00e9?<\/p>\n<p style=\"text-align: justify;\">Une des possibilit\u00e9s est d&rsquo;avoir un bureau vide et sans menu d&rsquo;applications. Le nouveau fichier h\u00e9rite des droits de l&rsquo;utilisateur de l&rsquo;application qui le cr\u00e9e. Et les programmes sont lanc\u00e9s depuis un p\u00e9riph\u00e9rique plus&#8230; personnel comme le t\u00e9l\u00e9phone ou une extension de l&rsquo;ordinateur d\u00e9di\u00e9e \u00e0 un seul utilisateur. Dans ce cas l&rsquo;\u00e9cran de l&rsquo;ordinateur redevient un \u00e9cran indiff\u00e9renci\u00e9, comme une t\u00e9l\u00e9vision en somme. Les applications, les ressources et les fichiers sont li\u00e9es \u00e0 un utilisateur du syst\u00e8me mais elles sont en partie contr\u00f4l\u00e9es par un p\u00e9riph\u00e9rique externe. On retrouve la m\u00eame logique d&rsquo;un <a title=\"Environnement coop\u00e9ratif\" href=\"http:\/\/blog.nebule.org\/?p=76\" target=\"_blank\">environnement coop\u00e9ratif<\/a>.<\/p>\n<p style=\"text-align: justify;\">L&rsquo;ordinateur peut aussi recevoir des invit\u00e9s, des amis de passage, sans avoir besoin de leur cr\u00e9er une session et de rapatrier des donn\u00e9es externes. Il faut juste g\u00e9rer des autorisations de connexion et d&rsquo;utilisation de ressources, et avoir une identification commune des utilisateurs internes et externes.<\/p>\n<p style=\"text-align: justify;\">En somme, il manque surtout aujourd&rsquo;hui une identification globale.<\/p>\n","protected":false},"excerpt":{"rendered":"<p>Ce matin, en me connectant \u00e0 Facebook sur l&rsquo;ordinateur commun \u00e0 nous, je me suis fait la r\u00e9flexion que certaines choses \u00e9taient faites bizarrement. Je suis sur ma session Linux \u00e0 moi mais dans Firefox, c&rsquo;est toi Diana qui est connect\u00e9e \u00e0 FB&#8230; L&rsquo;ordinateur est multi-session, mais on ne voit simultan\u00e9ment qu&rsquo;une seule session, soit &hellip; <a href=\"http:\/\/blog.nebule.org\/?p=523\" class=\"more-link\">Continuer la lecture de <span class=\"screen-reader-text\">nous = toi + moi<\/span><\/a><\/p>\n","protected":false},"author":2,"featured_media":0,"comment_status":"open","ping_status":"open","sticky":false,"template":"","format":"standard","meta":[],"categories":[93,113,24],"tags":[],"_links":{"self":[{"href":"http:\/\/blog.nebule.org\/index.php?rest_route=\/wp\/v2\/posts\/523"}],"collection":[{"href":"http:\/\/blog.nebule.org\/index.php?rest_route=\/wp\/v2\/posts"}],"about":[{"href":"http:\/\/blog.nebule.org\/index.php?rest_route=\/wp\/v2\/types\/post"}],"author":[{"embeddable":true,"href":"http:\/\/blog.nebule.org\/index.php?rest_route=\/wp\/v2\/users\/2"}],"replies":[{"embeddable":true,"href":"http:\/\/blog.nebule.org\/index.php?rest_route=%2Fwp%2Fv2%2Fcomments&post=523"}],"version-history":[{"count":1,"href":"http:\/\/blog.nebule.org\/index.php?rest_route=\/wp\/v2\/posts\/523\/revisions"}],"predecessor-version":[{"id":2325,"href":"http:\/\/blog.nebule.org\/index.php?rest_route=\/wp\/v2\/posts\/523\/revisions\/2325"}],"wp:attachment":[{"href":"http:\/\/blog.nebule.org\/index.php?rest_route=%2Fwp%2Fv2%2Fmedia&parent=523"}],"wp:term":[{"taxonomy":"category","embeddable":true,"href":"http:\/\/blog.nebule.org\/index.php?rest_route=%2Fwp%2Fv2%2Fcategories&post=523"},{"taxonomy":"post_tag","embeddable":true,"href":"http:\/\/blog.nebule.org\/index.php?rest_route=%2Fwp%2Fv2%2Ftags&post=523"}],"curies":[{"name":"wp","href":"https:\/\/api.w.org\/{rel}","templated":true}]}}