{"id":28,"date":"2010-11-25T10:57:39","date_gmt":"2010-11-25T08:57:39","guid":{"rendered":"http:\/\/blog.nebule.org\/?p=28"},"modified":"2016-03-29T19:06:05","modified_gmt":"2016-03-29T17:06:05","slug":"digital-native","status":"publish","type":"post","link":"https:\/\/blog.nebule.org\/?p=28","title":{"rendered":"Digital Native"},"content":{"rendered":"<p>A propos de la description des <a title=\"Digital Native\" href=\"http:\/\/fr.wikipedia.org\/wiki\/Natif_num%C3%A9rique\" target=\"_blank\">digital natives<\/a> dans wikipedia, un petit d\u00e9tail int\u00e9ressant est la notion d&rsquo;accent. J&rsquo;appelais \u00e7a l&#8217;empreinte (d&rsquo;administration) des gens, chaque administrateur syst\u00e8me a sa fa\u00e7on bien particuli\u00e8re de faire certaines choses. Mais le terme d&rsquo;accent est plus adapt\u00e9.<\/p>\n<p>Mais cette notion d&rsquo;accent ne se limite pas au fait d&rsquo;imprimer un email ou de t\u00e9l\u00e9phoner pour dire qu&rsquo;on l&rsquo;a bien re\u00e7u. Toute personne, digital native ou non, \u00e0 son propre accent. Cet accent d\u00e9pend (comme pour le langage parl\u00e9) de sa culture, de son environnement, de son apprentissage des outils (de la langue)&#8230;<\/p>\n","protected":false},"excerpt":{"rendered":"<p>A propos de la description des digital natives dans wikipedia, un petit d\u00e9tail int\u00e9ressant est la notion d&rsquo;accent. J&rsquo;appelais \u00e7a l&#8217;empreinte (d&rsquo;administration) des gens, chaque administrateur syst\u00e8me a sa fa\u00e7on bien particuli\u00e8re de faire certaines choses. Mais le terme d&rsquo;accent est plus adapt\u00e9. Mais cette notion d&rsquo;accent ne se limite pas au fait d&rsquo;imprimer un &hellip; <a href=\"https:\/\/blog.nebule.org\/?p=28\" class=\"more-link\">Continuer la lecture de <span class=\"screen-reader-text\">Digital Native<\/span><\/a><\/p>\n","protected":false},"author":2,"featured_media":0,"comment_status":"open","ping_status":"open","sticky":false,"template":"","format":"standard","meta":[],"categories":[23],"tags":[165],"_links":{"self":[{"href":"https:\/\/blog.nebule.org\/index.php?rest_route=\/wp\/v2\/posts\/28"}],"collection":[{"href":"https:\/\/blog.nebule.org\/index.php?rest_route=\/wp\/v2\/posts"}],"about":[{"href":"https:\/\/blog.nebule.org\/index.php?rest_route=\/wp\/v2\/types\/post"}],"author":[{"embeddable":true,"href":"https:\/\/blog.nebule.org\/index.php?rest_route=\/wp\/v2\/users\/2"}],"replies":[{"embeddable":true,"href":"https:\/\/blog.nebule.org\/index.php?rest_route=%2Fwp%2Fv2%2Fcomments&post=28"}],"version-history":[{"count":1,"href":"https:\/\/blog.nebule.org\/index.php?rest_route=\/wp\/v2\/posts\/28\/revisions"}],"predecessor-version":[{"id":2405,"href":"https:\/\/blog.nebule.org\/index.php?rest_route=\/wp\/v2\/posts\/28\/revisions\/2405"}],"wp:attachment":[{"href":"https:\/\/blog.nebule.org\/index.php?rest_route=%2Fwp%2Fv2%2Fmedia&parent=28"}],"wp:term":[{"taxonomy":"category","embeddable":true,"href":"https:\/\/blog.nebule.org\/index.php?rest_route=%2Fwp%2Fv2%2Fcategories&post=28"},{"taxonomy":"post_tag","embeddable":true,"href":"https:\/\/blog.nebule.org\/index.php?rest_route=%2Fwp%2Fv2%2Ftags&post=28"}],"curies":[{"name":"wp","href":"https:\/\/api.w.org\/{rel}","templated":true}]}}