{"id":817,"date":"2013-02-12T18:38:24","date_gmt":"2013-02-12T16:38:24","guid":{"rendered":"http:\/\/blog.nebule.org\/?p=817"},"modified":"2016-03-29T19:03:46","modified_gmt":"2016-03-29T17:03:46","slug":"power-and-the-internet","status":"publish","type":"post","link":"https:\/\/blog.nebule.org\/?p=817","title":{"rendered":"Power and the Internet"},"content":{"rendered":"<p style=\"text-align: justify;\">Voici un <a title=\"http:\/\/www.schneier.com\/blog\/archives\/2013\/01\/power_and_the_i.html\" href=\"http:\/\/www.schneier.com\/blog\/archives\/2013\/01\/power_and_the_i.html\" target=\"_blank\">essai<\/a> int\u00e9ressant publi\u00e9 par Mr Schneier sur son <a title=\"http:\/\/www.schneier.com\" href=\"http:\/\/www.schneier.com\" target=\"_blank\">blog<\/a>. Il y est question de l&rsquo;\u00e9volution de l&rsquo;Internet ainsi que des bouleversements qu&rsquo;il introduit dans les rapports de forces entre les \u00e9tats (et pas que) et les administr\u00e9s, c&rsquo;est \u00e0 dire le peuple. Toute \u00e9volution technologique introduit ce genre de bouleversement et c&rsquo;est l&rsquo;occasion de rendre le monde plus humain. Mais saurons-nous en profiter cette fois-ci ?<\/p>\n<p style=\"text-align: justify;\">Je m&rsquo;arr\u00eaterais sur la derni\u00e8re remarque :<br \/>\n<em>Either we fight for a seat at the table, or the future of the Internet becomes something that is done to us.<\/em><br \/>\n(Soit nous nous battons pour une place \u00e0 la table, ou l&rsquo;avenir de l&rsquo;Internet deviendra quelque chose qui est fait <del>pour nous<\/del> \u00e0 notre place.)<\/p>\n<p style=\"text-align: justify;\">Liens :<br \/>\n&#8211; <a title=\"http:\/\/www.schneier.com\/blog\/archives\/2013\/01\/power_and_the_i.html\" href=\"http:\/\/www.schneier.com\/blog\/archives\/2013\/01\/power_and_the_i.html\" target=\"_blank\">http:\/\/www.schneier.com\/blog\/archives\/2013\/01\/power_and_the_i.html<\/a><br \/>\n&#8211; <a title=\"http:\/\/www.schneier.com\" href=\"http:\/\/www.schneier.com\" target=\"_blank\">http:\/\/www.schneier.com<\/a><\/p>\n<p style=\"text-align: justify;\">Ajout du 23\/03\/2013 :<br \/>\n&#8211; <a title=\"http:\/\/www.internetactu.net\/2013\/03\/21\/pouvoir-et-internet\/\" href=\"http:\/\/www.internetactu.net\/2013\/03\/21\/pouvoir-et-internet\/\" target=\"_blank\">http:\/\/www.internetactu.net\/2013\/03\/21\/pouvoir-et-internet\/<\/a><br \/>\n&#8211; <a title=\"http:\/\/www.framablog.org\/index.php\/post\/2013\/03\/18\/internet-etat-policier-surveillance\" href=\"http:\/\/www.framablog.org\/index.php\/post\/2013\/03\/18\/internet-etat-policier-surveillance\" target=\"_blank\">http:\/\/www.framablog.org\/index.php\/post\/2013\/03\/18\/internet-etat-policier-surveillance<\/a><br \/>\n&#8211; <a title=\"http:\/\/www.technologyreview.com\/view\/512386\/danger-lurks-in-growing-new-internet-nationalism\/\" href=\"http:\/\/www.technologyreview.com\/view\/512386\/danger-lurks-in-growing-new-internet-nationalism\/\" target=\"_blank\">http:\/\/www.technologyreview.com\/view\/512386\/danger-lurks-in-growing-new-internet-nationalism\/<\/a><\/p>\n","protected":false},"excerpt":{"rendered":"<p>Voici un essai int\u00e9ressant publi\u00e9 par Mr Schneier sur son blog. Il y est question de l&rsquo;\u00e9volution de l&rsquo;Internet ainsi que des bouleversements qu&rsquo;il introduit dans les rapports de forces entre les \u00e9tats (et pas que) et les administr\u00e9s, c&rsquo;est \u00e0 dire le peuple. Toute \u00e9volution technologique introduit ce genre de bouleversement et c&rsquo;est l&rsquo;occasion &hellip; <a href=\"https:\/\/blog.nebule.org\/?p=817\" class=\"more-link\">Continuer la lecture de <span class=\"screen-reader-text\">Power and the Internet<\/span><\/a><\/p>\n","protected":false},"author":2,"featured_media":0,"comment_status":"open","ping_status":"open","sticky":false,"template":"","format":"standard","meta":[],"categories":[2],"tags":[205,266],"_links":{"self":[{"href":"https:\/\/blog.nebule.org\/index.php?rest_route=\/wp\/v2\/posts\/817"}],"collection":[{"href":"https:\/\/blog.nebule.org\/index.php?rest_route=\/wp\/v2\/posts"}],"about":[{"href":"https:\/\/blog.nebule.org\/index.php?rest_route=\/wp\/v2\/types\/post"}],"author":[{"embeddable":true,"href":"https:\/\/blog.nebule.org\/index.php?rest_route=\/wp\/v2\/users\/2"}],"replies":[{"embeddable":true,"href":"https:\/\/blog.nebule.org\/index.php?rest_route=%2Fwp%2Fv2%2Fcomments&post=817"}],"version-history":[{"count":1,"href":"https:\/\/blog.nebule.org\/index.php?rest_route=\/wp\/v2\/posts\/817\/revisions"}],"predecessor-version":[{"id":2296,"href":"https:\/\/blog.nebule.org\/index.php?rest_route=\/wp\/v2\/posts\/817\/revisions\/2296"}],"wp:attachment":[{"href":"https:\/\/blog.nebule.org\/index.php?rest_route=%2Fwp%2Fv2%2Fmedia&parent=817"}],"wp:term":[{"taxonomy":"category","embeddable":true,"href":"https:\/\/blog.nebule.org\/index.php?rest_route=%2Fwp%2Fv2%2Fcategories&post=817"},{"taxonomy":"post_tag","embeddable":true,"href":"https:\/\/blog.nebule.org\/index.php?rest_route=%2Fwp%2Fv2%2Ftags&post=817"}],"curies":[{"name":"wp","href":"https:\/\/api.w.org\/{rel}","templated":true}]}}